{"id":455,"date":"2023-09-18T16:34:25","date_gmt":"2023-09-18T14:34:25","guid":{"rendered":"http:\/\/fotomini.com.pl\/?p=455"},"modified":"2023-11-09T15:07:32","modified_gmt":"2023-11-09T14:07:32","slug":"niedziela-z-planszowkami-w-galerii-mlociny","status":"publish","type":"post","link":"https:\/\/fotomini.com.pl\/index.php\/2023\/09\/18\/niedziela-z-planszowkami-w-galerii-mlociny\/","title":{"rendered":"Niedziela z plansz\u00f3wkami w Galerii M\u0142ociny"},"content":{"rendered":"\n<p>W niedziel\u0119 17 wrze\u015bnia w <a href=\"https:\/\/galeriamlociny.pl\/\">Galeria M\u0142ociny<\/a> odby\u0142o si\u0119 cykliczne wydarzenie dla fan\u00f3w gier planszowych (i nie tylko) organizowane przez <a href=\"https:\/\/www.facebook.com\/fanigier.net\">Fani Gier<\/a>.<br><br>Na miejscu mo\u017cna zupe\u0142nie ZA DARMO pogra\u0107 kilkana\u015bcie gier planszowych, karcianych, rpg itp., nauczy\u0107 si\u0119 gra\u0107 w interesuj\u0105cy nas tytu\u0142 czy po prostu pogada\u0107 z bardzo kompetentn\u0105 obs\u0142ug\u0105 \ud83d\ude09 (Pozdrawiam Pan\u00f3w z kt\u00f3rymi zagada\u0142em si\u0119 na kilkadziesi\u0105t minut).<br><br>Je\u015bli my\u015blicie \u201enie\u2026 bo nie umiem\u201d \u2013 to nie jest problem.<br>Na miejscu czeka kilku animator\u00f3w kt\u00f3rzy ch\u0119tnie pomog\u0105 Wam pozna\u0107 zasady, wyt\u0142umacz\u0105 co i jak czy po prostu rozegra\u0107 partyjk\u0119.<br><br>Znajdziecie te\u017c innych ch\u0119tnych do gry wi\u0119c nie ma obaw \u017ce zabraknie dla Was partnera.<br>Zerknijcie na ich stron\u0119 \u2013 maj\u0105 tam rozpisk\u0119 co\/gdzie\/kiedy i wpadajcie!<br>Zajrza\u0142em z ciekawo\u015bci \u2013 zosta\u0142em na kilka godzin\u2026 i \u017ca\u0142uj\u0119 \u017ca tak kr\u00f3tko.<br><br>A tu kr\u00f3tka relacja:<\/p>\n\n\n\n<figure class=\"wp-block-embed is-type-video is-provider-youtube wp-block-embed-youtube wp-embed-aspect-16-9 wp-has-aspect-ratio\"><div class=\"wp-block-embed__wrapper\">\n<iframe loading=\"lazy\" title=\"Niedziela z grami planszowymi w Galerii M\u0142ociny vol.40\" width=\"640\" height=\"360\" src=\"https:\/\/www.youtube.com\/embed\/qkOtedqF7U0?feature=oembed\" frameborder=\"0\" allow=\"accelerometer; autoplay; clipboard-write; encrypted-media; gyroscope; picture-in-picture; web-share\" referrerpolicy=\"strict-origin-when-cross-origin\" allowfullscreen><\/iframe>\n<\/div><\/figure>\n","protected":false},"excerpt":{"rendered":"<p>W niedziel\u0119 17 wrze\u015bnia w Galeria M\u0142ociny odby\u0142o si\u0119 cykliczne wydarzenie dla fan\u00f3w gier planszowych (i nie tylko) organizowane przez Fani Gier. Na miejscu mo\u017cna zupe\u0142nie ZA DARMO pogra\u0107 kilkana\u015bcie gier planszowych, karcianych, rpg itp., nauczy\u0107 si\u0119 gra\u0107 w interesuj\u0105cy nas tytu\u0142 czy po prostu pogada\u0107 z bardzo kompetentn\u0105 obs\u0142ug\u0105 \ud83d\ude09 (Pozdrawiam Pan\u00f3w z kt\u00f3rymi [&hellip;]<\/p>\n","protected":false},"author":1,"featured_media":456,"comment_status":"open","ping_status":"open","sticky":false,"template":"","format":"standard","meta":{"footnotes":""},"categories":[11,167],"tags":[171,20,170,168,144],"class_list":["post-455","post","type-post","status-publish","format-standard","has-post-thumbnail","hentry","category-gry","category-gry-bez-pradu","tag-galeria-mlociny","tag-gry","tag-karcianki","tag-planszowki","tag-rpg"],"yoast_head":"<!-- This site is optimized with the Yoast SEO plugin v22.1 - https:\/\/yoast.com\/wordpress\/plugins\/seo\/ -->\n<title>Niedziela z plansz\u00f3wkami w Galerii M\u0142ociny - zGRYed<\/title>\n<meta name=\"robots\" content=\"index, follow, max-snippet:-1, max-image-preview:large, max-video-preview:-1\" \/>\n<link rel=\"canonical\" href=\"https:\/\/fotomini.com.pl\/index.php\/2023\/09\/18\/niedziela-z-planszowkami-w-galerii-mlociny\/\" \/>\n<meta property=\"og:locale\" content=\"pl_PL\" \/>\n<meta property=\"og:type\" content=\"article\" \/>\n<meta property=\"og:title\" content=\"Niedziela z plansz\u00f3wkami w Galerii M\u0142ociny - zGRYed\" \/>\n<meta property=\"og:description\" content=\"W niedziel\u0119 17 wrze\u015bnia w Galeria M\u0142ociny odby\u0142o si\u0119 cykliczne wydarzenie dla fan\u00f3w gier planszowych (i nie tylko) organizowane przez Fani Gier. Na miejscu mo\u017cna zupe\u0142nie ZA DARMO pogra\u0107 kilkana\u015bcie gier planszowych, karcianych, rpg itp., nauczy\u0107 si\u0119 gra\u0107 w interesuj\u0105cy nas tytu\u0142 czy po prostu pogada\u0107 z bardzo kompetentn\u0105 obs\u0142ug\u0105 \ud83d\ude09 (Pozdrawiam Pan\u00f3w z kt\u00f3rymi [&hellip;]\" \/>\n<meta property=\"og:url\" content=\"https:\/\/fotomini.com.pl\/index.php\/2023\/09\/18\/niedziela-z-planszowkami-w-galerii-mlociny\/\" \/>\n<meta property=\"og:site_name\" content=\"zGRYed\" \/>\n<meta property=\"article:published_time\" content=\"2023-09-18T14:34:25+00:00\" \/>\n<meta property=\"article:modified_time\" content=\"2023-11-09T14:07:32+00:00\" \/>\n<meta property=\"og:image\" content=\"https:\/\/fotomini.com.pl\/wp-content\/uploads\/2023\/09\/274220958_3056809984582628_8424094009892861849_n-e1695047844907.jpg\" \/>\n\t<meta property=\"og:image:width\" content=\"300\" \/>\n\t<meta property=\"og:image:height\" content=\"300\" \/>\n\t<meta property=\"og:image:type\" content=\"image\/jpeg\" \/>\n<meta name=\"author\" content=\"mini21\" \/>\n<meta name=\"twitter:card\" content=\"summary_large_image\" \/>\n<meta name=\"twitter:label1\" content=\"Napisane przez\" \/>\n\t<meta name=\"twitter:data1\" content=\"mini21\" \/>\n\t<meta name=\"twitter:label2\" content=\"Szacowany czas czytania\" \/>\n\t<meta name=\"twitter:data2\" content=\"1 minuta\" \/>\n<script type=\"application\/ld+json\" class=\"yoast-schema-graph\">{\"@context\":\"https:\/\/schema.org\",\"@graph\":[{\"@type\":\"Article\",\"@id\":\"https:\/\/fotomini.com.pl\/index.php\/2023\/09\/18\/niedziela-z-planszowkami-w-galerii-mlociny\/#article\",\"isPartOf\":{\"@id\":\"https:\/\/fotomini.com.pl\/index.php\/2023\/09\/18\/niedziela-z-planszowkami-w-galerii-mlociny\/\"},\"author\":{\"name\":\"mini21\",\"@id\":\"http:\/\/fotomini.com.pl\/#\/schema\/person\/9d938e06e816f85c513242a660195757\"},\"headline\":\"Niedziela z plansz\u00f3wkami w Galerii M\u0142ociny\",\"datePublished\":\"2023-09-18T14:34:25+00:00\",\"dateModified\":\"2023-11-09T14:07:32+00:00\",\"mainEntityOfPage\":{\"@id\":\"https:\/\/fotomini.com.pl\/index.php\/2023\/09\/18\/niedziela-z-planszowkami-w-galerii-mlociny\/\"},\"wordCount\":177,\"commentCount\":0,\"publisher\":{\"@id\":\"http:\/\/fotomini.com.pl\/#\/schema\/person\/9d938e06e816f85c513242a660195757\"},\"keywords\":[\"galeria m\u0142ociny\",\"gry\",\"karcianki\",\"plansz\u00f3wki\",\"rpg\"],\"articleSection\":[\"Gry\",\"Gry bez pr\u0105du\"],\"inLanguage\":\"pl-PL\",\"potentialAction\":[{\"@type\":\"CommentAction\",\"name\":\"Comment\",\"target\":[\"https:\/\/fotomini.com.pl\/index.php\/2023\/09\/18\/niedziela-z-planszowkami-w-galerii-mlociny\/#respond\"]}]},{\"@type\":\"WebPage\",\"@id\":\"https:\/\/fotomini.com.pl\/index.php\/2023\/09\/18\/niedziela-z-planszowkami-w-galerii-mlociny\/\",\"url\":\"https:\/\/fotomini.com.pl\/index.php\/2023\/09\/18\/niedziela-z-planszowkami-w-galerii-mlociny\/\",\"name\":\"Niedziela z plansz\u00f3wkami w Galerii M\u0142ociny - zGRYed\",\"isPartOf\":{\"@id\":\"http:\/\/fotomini.com.pl\/#website\"},\"datePublished\":\"2023-09-18T14:34:25+00:00\",\"dateModified\":\"2023-11-09T14:07:32+00:00\",\"breadcrumb\":{\"@id\":\"https:\/\/fotomini.com.pl\/index.php\/2023\/09\/18\/niedziela-z-planszowkami-w-galerii-mlociny\/#breadcrumb\"},\"inLanguage\":\"pl-PL\",\"potentialAction\":[{\"@type\":\"ReadAction\",\"target\":[\"https:\/\/fotomini.com.pl\/index.php\/2023\/09\/18\/niedziela-z-planszowkami-w-galerii-mlociny\/\"]}]},{\"@type\":\"BreadcrumbList\",\"@id\":\"https:\/\/fotomini.com.pl\/index.php\/2023\/09\/18\/niedziela-z-planszowkami-w-galerii-mlociny\/#breadcrumb\",\"itemListElement\":[{\"@type\":\"ListItem\",\"position\":1,\"name\":\"Strona g\u0142\u00f3wna\",\"item\":\"http:\/\/fotomini.com.pl\/\"},{\"@type\":\"ListItem\",\"position\":2,\"name\":\"Niedziela z plansz\u00f3wkami w Galerii M\u0142ociny\"}]},{\"@type\":\"WebSite\",\"@id\":\"http:\/\/fotomini.com.pl\/#website\",\"url\":\"http:\/\/fotomini.com.pl\/\",\"name\":\"zGRYed\",\"description\":\"bo nawet najgorszy zgred mo\u017ce pyka\u0107 w gierki.\",\"publisher\":{\"@id\":\"http:\/\/fotomini.com.pl\/#\/schema\/person\/9d938e06e816f85c513242a660195757\"},\"potentialAction\":[{\"@type\":\"SearchAction\",\"target\":{\"@type\":\"EntryPoint\",\"urlTemplate\":\"http:\/\/fotomini.com.pl\/?s={search_term_string}\"},\"query-input\":\"required name=search_term_string\"}],\"inLanguage\":\"pl-PL\"},{\"@type\":[\"Person\",\"Organization\"],\"@id\":\"http:\/\/fotomini.com.pl\/#\/schema\/person\/9d938e06e816f85c513242a660195757\",\"name\":\"mini21\",\"image\":{\"@type\":\"ImageObject\",\"inLanguage\":\"pl-PL\",\"@id\":\"http:\/\/fotomini.com.pl\/#\/schema\/person\/image\/\",\"url\":\"http:\/\/fotomini.com.pl\/wp-content\/uploads\/2023\/07\/Avatar.jpg\",\"contentUrl\":\"http:\/\/fotomini.com.pl\/wp-content\/uploads\/2023\/07\/Avatar.jpg\",\"width\":900,\"height\":675,\"caption\":\"mini21\"},\"logo\":{\"@id\":\"http:\/\/fotomini.com.pl\/#\/schema\/person\/image\/\"},\"sameAs\":[\"http:\/\/fotomini.com.pl\"],\"url\":\"https:\/\/fotomini.com.pl\/index.php\/author\/mini21\/\"}]}<\/script>\n<!-- \/ Yoast SEO plugin. -->","yoast_head_json":{"title":"Niedziela z plansz\u00f3wkami w Galerii M\u0142ociny - zGRYed","robots":{"index":"index","follow":"follow","max-snippet":"max-snippet:-1","max-image-preview":"max-image-preview:large","max-video-preview":"max-video-preview:-1"},"canonical":"https:\/\/fotomini.com.pl\/index.php\/2023\/09\/18\/niedziela-z-planszowkami-w-galerii-mlociny\/","og_locale":"pl_PL","og_type":"article","og_title":"Niedziela z plansz\u00f3wkami w Galerii M\u0142ociny - zGRYed","og_description":"W niedziel\u0119 17 wrze\u015bnia w Galeria M\u0142ociny odby\u0142o si\u0119 cykliczne wydarzenie dla fan\u00f3w gier planszowych (i nie tylko) organizowane przez Fani Gier. Na miejscu mo\u017cna zupe\u0142nie ZA DARMO pogra\u0107 kilkana\u015bcie gier planszowych, karcianych, rpg itp., nauczy\u0107 si\u0119 gra\u0107 w interesuj\u0105cy nas tytu\u0142 czy po prostu pogada\u0107 z bardzo kompetentn\u0105 obs\u0142ug\u0105 \ud83d\ude09 (Pozdrawiam Pan\u00f3w z kt\u00f3rymi [&hellip;]","og_url":"https:\/\/fotomini.com.pl\/index.php\/2023\/09\/18\/niedziela-z-planszowkami-w-galerii-mlociny\/","og_site_name":"zGRYed","article_published_time":"2023-09-18T14:34:25+00:00","article_modified_time":"2023-11-09T14:07:32+00:00","og_image":[{"width":300,"height":300,"url":"https:\/\/fotomini.com.pl\/wp-content\/uploads\/2023\/09\/274220958_3056809984582628_8424094009892861849_n-e1695047844907.jpg","type":"image\/jpeg"}],"author":"mini21","twitter_card":"summary_large_image","twitter_misc":{"Napisane przez":"mini21","Szacowany czas czytania":"1 minuta"},"schema":{"@context":"https:\/\/schema.org","@graph":[{"@type":"Article","@id":"https:\/\/fotomini.com.pl\/index.php\/2023\/09\/18\/niedziela-z-planszowkami-w-galerii-mlociny\/#article","isPartOf":{"@id":"https:\/\/fotomini.com.pl\/index.php\/2023\/09\/18\/niedziela-z-planszowkami-w-galerii-mlociny\/"},"author":{"name":"mini21","@id":"http:\/\/fotomini.com.pl\/#\/schema\/person\/9d938e06e816f85c513242a660195757"},"headline":"Niedziela z plansz\u00f3wkami w Galerii M\u0142ociny","datePublished":"2023-09-18T14:34:25+00:00","dateModified":"2023-11-09T14:07:32+00:00","mainEntityOfPage":{"@id":"https:\/\/fotomini.com.pl\/index.php\/2023\/09\/18\/niedziela-z-planszowkami-w-galerii-mlociny\/"},"wordCount":177,"commentCount":0,"publisher":{"@id":"http:\/\/fotomini.com.pl\/#\/schema\/person\/9d938e06e816f85c513242a660195757"},"keywords":["galeria m\u0142ociny","gry","karcianki","plansz\u00f3wki","rpg"],"articleSection":["Gry","Gry bez pr\u0105du"],"inLanguage":"pl-PL","potentialAction":[{"@type":"CommentAction","name":"Comment","target":["https:\/\/fotomini.com.pl\/index.php\/2023\/09\/18\/niedziela-z-planszowkami-w-galerii-mlociny\/#respond"]}]},{"@type":"WebPage","@id":"https:\/\/fotomini.com.pl\/index.php\/2023\/09\/18\/niedziela-z-planszowkami-w-galerii-mlociny\/","url":"https:\/\/fotomini.com.pl\/index.php\/2023\/09\/18\/niedziela-z-planszowkami-w-galerii-mlociny\/","name":"Niedziela z plansz\u00f3wkami w Galerii M\u0142ociny - zGRYed","isPartOf":{"@id":"http:\/\/fotomini.com.pl\/#website"},"datePublished":"2023-09-18T14:34:25+00:00","dateModified":"2023-11-09T14:07:32+00:00","breadcrumb":{"@id":"https:\/\/fotomini.com.pl\/index.php\/2023\/09\/18\/niedziela-z-planszowkami-w-galerii-mlociny\/#breadcrumb"},"inLanguage":"pl-PL","potentialAction":[{"@type":"ReadAction","target":["https:\/\/fotomini.com.pl\/index.php\/2023\/09\/18\/niedziela-z-planszowkami-w-galerii-mlociny\/"]}]},{"@type":"BreadcrumbList","@id":"https:\/\/fotomini.com.pl\/index.php\/2023\/09\/18\/niedziela-z-planszowkami-w-galerii-mlociny\/#breadcrumb","itemListElement":[{"@type":"ListItem","position":1,"name":"Strona g\u0142\u00f3wna","item":"http:\/\/fotomini.com.pl\/"},{"@type":"ListItem","position":2,"name":"Niedziela z plansz\u00f3wkami w Galerii M\u0142ociny"}]},{"@type":"WebSite","@id":"http:\/\/fotomini.com.pl\/#website","url":"http:\/\/fotomini.com.pl\/","name":"zGRYed","description":"bo nawet najgorszy zgred mo\u017ce pyka\u0107 w gierki.","publisher":{"@id":"http:\/\/fotomini.com.pl\/#\/schema\/person\/9d938e06e816f85c513242a660195757"},"potentialAction":[{"@type":"SearchAction","target":{"@type":"EntryPoint","urlTemplate":"http:\/\/fotomini.com.pl\/?s={search_term_string}"},"query-input":"required name=search_term_string"}],"inLanguage":"pl-PL"},{"@type":["Person","Organization"],"@id":"http:\/\/fotomini.com.pl\/#\/schema\/person\/9d938e06e816f85c513242a660195757","name":"mini21","image":{"@type":"ImageObject","inLanguage":"pl-PL","@id":"http:\/\/fotomini.com.pl\/#\/schema\/person\/image\/","url":"http:\/\/fotomini.com.pl\/wp-content\/uploads\/2023\/07\/Avatar.jpg","contentUrl":"http:\/\/fotomini.com.pl\/wp-content\/uploads\/2023\/07\/Avatar.jpg","width":900,"height":675,"caption":"mini21"},"logo":{"@id":"http:\/\/fotomini.com.pl\/#\/schema\/person\/image\/"},"sameAs":["http:\/\/fotomini.com.pl"],"url":"https:\/\/fotomini.com.pl\/index.php\/author\/mini21\/"}]}},"_links":{"self":[{"href":"https:\/\/fotomini.com.pl\/index.php\/wp-json\/wp\/v2\/posts\/455","targetHints":{"allow":["GET"]}}],"collection":[{"href":"https:\/\/fotomini.com.pl\/index.php\/wp-json\/wp\/v2\/posts"}],"about":[{"href":"https:\/\/fotomini.com.pl\/index.php\/wp-json\/wp\/v2\/types\/post"}],"author":[{"embeddable":true,"href":"https:\/\/fotomini.com.pl\/index.php\/wp-json\/wp\/v2\/users\/1"}],"replies":[{"embeddable":true,"href":"https:\/\/fotomini.com.pl\/index.php\/wp-json\/wp\/v2\/comments?post=455"}],"version-history":[{"count":1,"href":"https:\/\/fotomini.com.pl\/index.php\/wp-json\/wp\/v2\/posts\/455\/revisions"}],"predecessor-version":[{"id":458,"href":"https:\/\/fotomini.com.pl\/index.php\/wp-json\/wp\/v2\/posts\/455\/revisions\/458"}],"wp:featuredmedia":[{"embeddable":true,"href":"https:\/\/fotomini.com.pl\/index.php\/wp-json\/wp\/v2\/media\/456"}],"wp:attachment":[{"href":"https:\/\/fotomini.com.pl\/index.php\/wp-json\/wp\/v2\/media?parent=455"}],"wp:term":[{"taxonomy":"category","embeddable":true,"href":"https:\/\/fotomini.com.pl\/index.php\/wp-json\/wp\/v2\/categories?post=455"},{"taxonomy":"post_tag","embeddable":true,"href":"https:\/\/fotomini.com.pl\/index.php\/wp-json\/wp\/v2\/tags?post=455"}],"curies":[{"name":"wp","href":"https:\/\/api.w.org\/{rel}","templated":true}]}}