{"id":205,"date":"2023-08-02T14:13:14","date_gmt":"2023-08-02T12:13:14","guid":{"rendered":"http:\/\/serwer154298.lh.pl\/autoinstalator\/serwer154298.lh.pl\/wordpress27873\/?p=205"},"modified":"2023-08-02T14:16:51","modified_gmt":"2023-08-02T12:16:51","slug":"microsoft-idzie-sladami-sony-i-wypuszcza-zestaw-naprawczy-do-padow-elite-2","status":"publish","type":"post","link":"http:\/\/fotomini.com.pl\/index.php\/2023\/08\/02\/microsoft-idzie-sladami-sony-i-wypuszcza-zestaw-naprawczy-do-padow-elite-2\/","title":{"rendered":"Microsoft idzie \u015bladami Sony i wypuszcza\u2026.<br \/>Zestaw naprawczy do pad\u00f3w Elite 2."},"content":{"rendered":"\n<p>Jak donosi The Verge, Microsoft rozpocz\u0105\u0142 sprzeda\u017c cz\u0119\u015bci zamiennych w swoim oficjalnym sklepie.<\/p>\n\n\n\n<p>Znajdziemy tam dr\u0105\u017cki, przyciski i pokrywy g\u00f3rnej obudowy.<br \/>Daje to spore mo\u017cliwo\u015bci zwa\u017cywszy na to \u017ce pady miewaj\u0105 \u201ehumory\u201d i nie jednokrotnie zdarza\u0142y si\u0119 driftuj\u0105ce analogi.<br \/>Wysy\u0142ka do serwisu (o ile mamy jeszcze gwarancj\u0119) to 2-3 tygodnie w plecy, za\u015b zam\u00f3wienie cz\u0119\u015bci wraz z dostaw\u0105 trwa dzie\u0144 czy dwa.<\/p>\n\n\n\n<p>Ilo\u015b\u0107 dost\u0119pnych cz\u0119\u015bci zamiennych mo\u017ce nie powala ale i tak jest ich znacznie wi\u0119cej ni\u017c u konkurenta kt\u00f3ry w ofercie ma zast\u0119pcze dr\u0105\u017cki.<\/p>\n\n\n\n<p>Czy podj\u0119li by\u015bcie si\u0119 samodzielnej naprawy czy wymiany cz\u0119\u015bci?<\/p>\n\n\n\n<figure class=\"wp-block-image size-large\"><img loading=\"lazy\" decoding=\"async\" width=\"1010\" height=\"915\" src=\"http:\/\/serwer154298.lh.pl\/autoinstalator\/serwer154298.lh.pl\/wordpress27873\/wp-content\/uploads\/2023\/08\/xbox-controller-czesci-zamienne.jpeg\" alt=\"\" class=\"wp-image-202\" srcset=\"http:\/\/fotomini.com.pl\/wp-content\/uploads\/2023\/08\/xbox-controller-czesci-zamienne.jpeg 1010w, http:\/\/fotomini.com.pl\/wp-content\/uploads\/2023\/08\/xbox-controller-czesci-zamienne-300x272.jpeg 300w, http:\/\/fotomini.com.pl\/wp-content\/uploads\/2023\/08\/xbox-controller-czesci-zamienne-768x696.jpeg 768w\" sizes=\"auto, (max-width: 1010px) 100vw, 1010px\" \/><\/figure>\n","protected":false},"excerpt":{"rendered":"<p>Jak donosi The Verge, Microsoft rozpocz\u0105\u0142 sprzeda\u017c cz\u0119\u015bci zamiennych w swoim oficjalnym sklepie. Znajdziemy tam dr\u0105\u017cki, przyciski i pokrywy g\u00f3rnej obudowy.Daje to spore mo\u017cliwo\u015bci zwa\u017cywszy na to \u017ce pady miewaj\u0105 \u201ehumory\u201d i nie jednokrotnie zdarza\u0142y si\u0119 driftuj\u0105ce analogi.Wysy\u0142ka do serwisu (o ile mamy jeszcze gwarancj\u0119) to 2-3 tygodnie w plecy, za\u015b zam\u00f3wienie cz\u0119\u015bci wraz z [&hellip;]<\/p>\n","protected":false},"author":1,"featured_media":204,"comment_status":"open","ping_status":"open","sticky":false,"template":"","format":"standard","meta":{"footnotes":""},"categories":[2,3],"tags":[69,79,4],"class_list":["post-205","post","type-post","status-publish","format-standard","has-post-thumbnail","hentry","category-newsy","category-xbox","tag-microsoft","tag-serwis","tag-xbox"],"yoast_head":"<!-- This site is optimized with the Yoast SEO plugin v22.1 - https:\/\/yoast.com\/wordpress\/plugins\/seo\/ -->\n<title>Microsoft idzie \u015bladami Sony i wypuszcza\u2026.Zestaw naprawczy do pad\u00f3w Elite 2. - zGRYed<\/title>\n<meta name=\"robots\" content=\"index, follow, max-snippet:-1, max-image-preview:large, max-video-preview:-1\" \/>\n<link rel=\"canonical\" href=\"http:\/\/fotomini.com.pl\/index.php\/2023\/08\/02\/microsoft-idzie-sladami-sony-i-wypuszcza-zestaw-naprawczy-do-padow-elite-2\/\" \/>\n<meta property=\"og:locale\" content=\"pl_PL\" \/>\n<meta property=\"og:type\" content=\"article\" \/>\n<meta property=\"og:title\" content=\"Microsoft idzie \u015bladami Sony i wypuszcza\u2026.Zestaw naprawczy do pad\u00f3w Elite 2. - zGRYed\" \/>\n<meta property=\"og:description\" content=\"Jak donosi The Verge, Microsoft rozpocz\u0105\u0142 sprzeda\u017c cz\u0119\u015bci zamiennych w swoim oficjalnym sklepie. Znajdziemy tam dr\u0105\u017cki, przyciski i pokrywy g\u00f3rnej obudowy.Daje to spore mo\u017cliwo\u015bci zwa\u017cywszy na to \u017ce pady miewaj\u0105 \u201ehumory\u201d i nie jednokrotnie zdarza\u0142y si\u0119 driftuj\u0105ce analogi.Wysy\u0142ka do serwisu (o ile mamy jeszcze gwarancj\u0119) to 2-3 tygodnie w plecy, za\u015b zam\u00f3wienie cz\u0119\u015bci wraz z [&hellip;]\" \/>\n<meta property=\"og:url\" content=\"http:\/\/fotomini.com.pl\/index.php\/2023\/08\/02\/microsoft-idzie-sladami-sony-i-wypuszcza-zestaw-naprawczy-do-padow-elite-2\/\" \/>\n<meta property=\"og:site_name\" content=\"zGRYed\" \/>\n<meta property=\"article:published_time\" content=\"2023-08-02T12:13:14+00:00\" \/>\n<meta property=\"article:modified_time\" content=\"2023-08-02T12:16:51+00:00\" \/>\n<meta property=\"og:image\" content=\"http:\/\/fotomini.com.pl\/wp-content\/uploads\/2023\/08\/11ae3d45fe18ad6473ab-1.jpg\" \/>\n\t<meta property=\"og:image:width\" content=\"1564\" \/>\n\t<meta property=\"og:image:height\" content=\"1452\" \/>\n\t<meta property=\"og:image:type\" content=\"image\/jpeg\" \/>\n<meta name=\"author\" content=\"mini21\" \/>\n<meta name=\"twitter:card\" content=\"summary_large_image\" \/>\n<meta name=\"twitter:label1\" content=\"Napisane przez\" \/>\n\t<meta name=\"twitter:data1\" content=\"mini21\" \/>\n\t<meta name=\"twitter:label2\" content=\"Szacowany czas czytania\" \/>\n\t<meta name=\"twitter:data2\" content=\"1 minuta\" \/>\n<script type=\"application\/ld+json\" class=\"yoast-schema-graph\">{\"@context\":\"https:\/\/schema.org\",\"@graph\":[{\"@type\":\"Article\",\"@id\":\"http:\/\/fotomini.com.pl\/index.php\/2023\/08\/02\/microsoft-idzie-sladami-sony-i-wypuszcza-zestaw-naprawczy-do-padow-elite-2\/#article\",\"isPartOf\":{\"@id\":\"http:\/\/fotomini.com.pl\/index.php\/2023\/08\/02\/microsoft-idzie-sladami-sony-i-wypuszcza-zestaw-naprawczy-do-padow-elite-2\/\"},\"author\":{\"name\":\"mini21\",\"@id\":\"http:\/\/fotomini.com.pl\/#\/schema\/person\/9d938e06e816f85c513242a660195757\"},\"headline\":\"Microsoft idzie \u015bladami Sony i wypuszcza\u2026. Zestaw naprawczy do pad\u00f3w Elite 2.\",\"datePublished\":\"2023-08-02T12:13:14+00:00\",\"dateModified\":\"2023-08-02T12:16:51+00:00\",\"mainEntityOfPage\":{\"@id\":\"http:\/\/fotomini.com.pl\/index.php\/2023\/08\/02\/microsoft-idzie-sladami-sony-i-wypuszcza-zestaw-naprawczy-do-padow-elite-2\/\"},\"wordCount\":127,\"commentCount\":0,\"publisher\":{\"@id\":\"http:\/\/fotomini.com.pl\/#\/schema\/person\/9d938e06e816f85c513242a660195757\"},\"keywords\":[\"Microsoft\",\"serwis\",\"xbox\"],\"articleSection\":[\"Newsy\",\"Xbox\"],\"inLanguage\":\"pl-PL\",\"potentialAction\":[{\"@type\":\"CommentAction\",\"name\":\"Comment\",\"target\":[\"http:\/\/fotomini.com.pl\/index.php\/2023\/08\/02\/microsoft-idzie-sladami-sony-i-wypuszcza-zestaw-naprawczy-do-padow-elite-2\/#respond\"]}]},{\"@type\":\"WebPage\",\"@id\":\"http:\/\/fotomini.com.pl\/index.php\/2023\/08\/02\/microsoft-idzie-sladami-sony-i-wypuszcza-zestaw-naprawczy-do-padow-elite-2\/\",\"url\":\"http:\/\/fotomini.com.pl\/index.php\/2023\/08\/02\/microsoft-idzie-sladami-sony-i-wypuszcza-zestaw-naprawczy-do-padow-elite-2\/\",\"name\":\"Microsoft idzie \u015bladami Sony i wypuszcza\u2026. Zestaw naprawczy do pad\u00f3w Elite 2. - zGRYed\",\"isPartOf\":{\"@id\":\"http:\/\/fotomini.com.pl\/#website\"},\"datePublished\":\"2023-08-02T12:13:14+00:00\",\"dateModified\":\"2023-08-02T12:16:51+00:00\",\"breadcrumb\":{\"@id\":\"http:\/\/fotomini.com.pl\/index.php\/2023\/08\/02\/microsoft-idzie-sladami-sony-i-wypuszcza-zestaw-naprawczy-do-padow-elite-2\/#breadcrumb\"},\"inLanguage\":\"pl-PL\",\"potentialAction\":[{\"@type\":\"ReadAction\",\"target\":[\"http:\/\/fotomini.com.pl\/index.php\/2023\/08\/02\/microsoft-idzie-sladami-sony-i-wypuszcza-zestaw-naprawczy-do-padow-elite-2\/\"]}]},{\"@type\":\"BreadcrumbList\",\"@id\":\"http:\/\/fotomini.com.pl\/index.php\/2023\/08\/02\/microsoft-idzie-sladami-sony-i-wypuszcza-zestaw-naprawczy-do-padow-elite-2\/#breadcrumb\",\"itemListElement\":[{\"@type\":\"ListItem\",\"position\":1,\"name\":\"Strona g\u0142\u00f3wna\",\"item\":\"http:\/\/fotomini.com.pl\/\"},{\"@type\":\"ListItem\",\"position\":2,\"name\":\"Microsoft idzie \u015bladami Sony i wypuszcza\u2026.Zestaw naprawczy do pad\u00f3w Elite 2.\"}]},{\"@type\":\"WebSite\",\"@id\":\"http:\/\/fotomini.com.pl\/#website\",\"url\":\"http:\/\/fotomini.com.pl\/\",\"name\":\"zGRYed\",\"description\":\"bo nawet najgorszy zgred mo\u017ce pyka\u0107 w gierki.\",\"publisher\":{\"@id\":\"http:\/\/fotomini.com.pl\/#\/schema\/person\/9d938e06e816f85c513242a660195757\"},\"potentialAction\":[{\"@type\":\"SearchAction\",\"target\":{\"@type\":\"EntryPoint\",\"urlTemplate\":\"http:\/\/fotomini.com.pl\/?s={search_term_string}\"},\"query-input\":\"required name=search_term_string\"}],\"inLanguage\":\"pl-PL\"},{\"@type\":[\"Person\",\"Organization\"],\"@id\":\"http:\/\/fotomini.com.pl\/#\/schema\/person\/9d938e06e816f85c513242a660195757\",\"name\":\"mini21\",\"image\":{\"@type\":\"ImageObject\",\"inLanguage\":\"pl-PL\",\"@id\":\"http:\/\/fotomini.com.pl\/#\/schema\/person\/image\/\",\"url\":\"http:\/\/fotomini.com.pl\/wp-content\/uploads\/2023\/07\/Avatar.jpg\",\"contentUrl\":\"http:\/\/fotomini.com.pl\/wp-content\/uploads\/2023\/07\/Avatar.jpg\",\"width\":900,\"height\":675,\"caption\":\"mini21\"},\"logo\":{\"@id\":\"http:\/\/fotomini.com.pl\/#\/schema\/person\/image\/\"},\"sameAs\":[\"http:\/\/fotomini.com.pl\"],\"url\":\"http:\/\/fotomini.com.pl\/index.php\/author\/mini21\/\"}]}<\/script>\n<!-- \/ Yoast SEO plugin. -->","yoast_head_json":{"title":"Microsoft idzie \u015bladami Sony i wypuszcza\u2026.Zestaw naprawczy do pad\u00f3w Elite 2. - zGRYed","robots":{"index":"index","follow":"follow","max-snippet":"max-snippet:-1","max-image-preview":"max-image-preview:large","max-video-preview":"max-video-preview:-1"},"canonical":"http:\/\/fotomini.com.pl\/index.php\/2023\/08\/02\/microsoft-idzie-sladami-sony-i-wypuszcza-zestaw-naprawczy-do-padow-elite-2\/","og_locale":"pl_PL","og_type":"article","og_title":"Microsoft idzie \u015bladami Sony i wypuszcza\u2026.Zestaw naprawczy do pad\u00f3w Elite 2. - zGRYed","og_description":"Jak donosi The Verge, Microsoft rozpocz\u0105\u0142 sprzeda\u017c cz\u0119\u015bci zamiennych w swoim oficjalnym sklepie. Znajdziemy tam dr\u0105\u017cki, przyciski i pokrywy g\u00f3rnej obudowy.Daje to spore mo\u017cliwo\u015bci zwa\u017cywszy na to \u017ce pady miewaj\u0105 \u201ehumory\u201d i nie jednokrotnie zdarza\u0142y si\u0119 driftuj\u0105ce analogi.Wysy\u0142ka do serwisu (o ile mamy jeszcze gwarancj\u0119) to 2-3 tygodnie w plecy, za\u015b zam\u00f3wienie cz\u0119\u015bci wraz z [&hellip;]","og_url":"http:\/\/fotomini.com.pl\/index.php\/2023\/08\/02\/microsoft-idzie-sladami-sony-i-wypuszcza-zestaw-naprawczy-do-padow-elite-2\/","og_site_name":"zGRYed","article_published_time":"2023-08-02T12:13:14+00:00","article_modified_time":"2023-08-02T12:16:51+00:00","og_image":[{"width":1564,"height":1452,"url":"http:\/\/fotomini.com.pl\/wp-content\/uploads\/2023\/08\/11ae3d45fe18ad6473ab-1.jpg","type":"image\/jpeg"}],"author":"mini21","twitter_card":"summary_large_image","twitter_misc":{"Napisane przez":"mini21","Szacowany czas czytania":"1 minuta"},"schema":{"@context":"https:\/\/schema.org","@graph":[{"@type":"Article","@id":"http:\/\/fotomini.com.pl\/index.php\/2023\/08\/02\/microsoft-idzie-sladami-sony-i-wypuszcza-zestaw-naprawczy-do-padow-elite-2\/#article","isPartOf":{"@id":"http:\/\/fotomini.com.pl\/index.php\/2023\/08\/02\/microsoft-idzie-sladami-sony-i-wypuszcza-zestaw-naprawczy-do-padow-elite-2\/"},"author":{"name":"mini21","@id":"http:\/\/fotomini.com.pl\/#\/schema\/person\/9d938e06e816f85c513242a660195757"},"headline":"Microsoft idzie \u015bladami Sony i wypuszcza\u2026. Zestaw naprawczy do pad\u00f3w Elite 2.","datePublished":"2023-08-02T12:13:14+00:00","dateModified":"2023-08-02T12:16:51+00:00","mainEntityOfPage":{"@id":"http:\/\/fotomini.com.pl\/index.php\/2023\/08\/02\/microsoft-idzie-sladami-sony-i-wypuszcza-zestaw-naprawczy-do-padow-elite-2\/"},"wordCount":127,"commentCount":0,"publisher":{"@id":"http:\/\/fotomini.com.pl\/#\/schema\/person\/9d938e06e816f85c513242a660195757"},"keywords":["Microsoft","serwis","xbox"],"articleSection":["Newsy","Xbox"],"inLanguage":"pl-PL","potentialAction":[{"@type":"CommentAction","name":"Comment","target":["http:\/\/fotomini.com.pl\/index.php\/2023\/08\/02\/microsoft-idzie-sladami-sony-i-wypuszcza-zestaw-naprawczy-do-padow-elite-2\/#respond"]}]},{"@type":"WebPage","@id":"http:\/\/fotomini.com.pl\/index.php\/2023\/08\/02\/microsoft-idzie-sladami-sony-i-wypuszcza-zestaw-naprawczy-do-padow-elite-2\/","url":"http:\/\/fotomini.com.pl\/index.php\/2023\/08\/02\/microsoft-idzie-sladami-sony-i-wypuszcza-zestaw-naprawczy-do-padow-elite-2\/","name":"Microsoft idzie \u015bladami Sony i wypuszcza\u2026. Zestaw naprawczy do pad\u00f3w Elite 2. - zGRYed","isPartOf":{"@id":"http:\/\/fotomini.com.pl\/#website"},"datePublished":"2023-08-02T12:13:14+00:00","dateModified":"2023-08-02T12:16:51+00:00","breadcrumb":{"@id":"http:\/\/fotomini.com.pl\/index.php\/2023\/08\/02\/microsoft-idzie-sladami-sony-i-wypuszcza-zestaw-naprawczy-do-padow-elite-2\/#breadcrumb"},"inLanguage":"pl-PL","potentialAction":[{"@type":"ReadAction","target":["http:\/\/fotomini.com.pl\/index.php\/2023\/08\/02\/microsoft-idzie-sladami-sony-i-wypuszcza-zestaw-naprawczy-do-padow-elite-2\/"]}]},{"@type":"BreadcrumbList","@id":"http:\/\/fotomini.com.pl\/index.php\/2023\/08\/02\/microsoft-idzie-sladami-sony-i-wypuszcza-zestaw-naprawczy-do-padow-elite-2\/#breadcrumb","itemListElement":[{"@type":"ListItem","position":1,"name":"Strona g\u0142\u00f3wna","item":"http:\/\/fotomini.com.pl\/"},{"@type":"ListItem","position":2,"name":"Microsoft idzie \u015bladami Sony i wypuszcza\u2026.Zestaw naprawczy do pad\u00f3w Elite 2."}]},{"@type":"WebSite","@id":"http:\/\/fotomini.com.pl\/#website","url":"http:\/\/fotomini.com.pl\/","name":"zGRYed","description":"bo nawet najgorszy zgred mo\u017ce pyka\u0107 w gierki.","publisher":{"@id":"http:\/\/fotomini.com.pl\/#\/schema\/person\/9d938e06e816f85c513242a660195757"},"potentialAction":[{"@type":"SearchAction","target":{"@type":"EntryPoint","urlTemplate":"http:\/\/fotomini.com.pl\/?s={search_term_string}"},"query-input":"required name=search_term_string"}],"inLanguage":"pl-PL"},{"@type":["Person","Organization"],"@id":"http:\/\/fotomini.com.pl\/#\/schema\/person\/9d938e06e816f85c513242a660195757","name":"mini21","image":{"@type":"ImageObject","inLanguage":"pl-PL","@id":"http:\/\/fotomini.com.pl\/#\/schema\/person\/image\/","url":"http:\/\/fotomini.com.pl\/wp-content\/uploads\/2023\/07\/Avatar.jpg","contentUrl":"http:\/\/fotomini.com.pl\/wp-content\/uploads\/2023\/07\/Avatar.jpg","width":900,"height":675,"caption":"mini21"},"logo":{"@id":"http:\/\/fotomini.com.pl\/#\/schema\/person\/image\/"},"sameAs":["http:\/\/fotomini.com.pl"],"url":"http:\/\/fotomini.com.pl\/index.php\/author\/mini21\/"}]}},"_links":{"self":[{"href":"http:\/\/fotomini.com.pl\/index.php\/wp-json\/wp\/v2\/posts\/205","targetHints":{"allow":["GET"]}}],"collection":[{"href":"http:\/\/fotomini.com.pl\/index.php\/wp-json\/wp\/v2\/posts"}],"about":[{"href":"http:\/\/fotomini.com.pl\/index.php\/wp-json\/wp\/v2\/types\/post"}],"author":[{"embeddable":true,"href":"http:\/\/fotomini.com.pl\/index.php\/wp-json\/wp\/v2\/users\/1"}],"replies":[{"embeddable":true,"href":"http:\/\/fotomini.com.pl\/index.php\/wp-json\/wp\/v2\/comments?post=205"}],"version-history":[{"count":1,"href":"http:\/\/fotomini.com.pl\/index.php\/wp-json\/wp\/v2\/posts\/205\/revisions"}],"predecessor-version":[{"id":206,"href":"http:\/\/fotomini.com.pl\/index.php\/wp-json\/wp\/v2\/posts\/205\/revisions\/206"}],"wp:featuredmedia":[{"embeddable":true,"href":"http:\/\/fotomini.com.pl\/index.php\/wp-json\/wp\/v2\/media\/204"}],"wp:attachment":[{"href":"http:\/\/fotomini.com.pl\/index.php\/wp-json\/wp\/v2\/media?parent=205"}],"wp:term":[{"taxonomy":"category","embeddable":true,"href":"http:\/\/fotomini.com.pl\/index.php\/wp-json\/wp\/v2\/categories?post=205"},{"taxonomy":"post_tag","embeddable":true,"href":"http:\/\/fotomini.com.pl\/index.php\/wp-json\/wp\/v2\/tags?post=205"}],"curies":[{"name":"wp","href":"https:\/\/api.w.org\/{rel}","templated":true}]}}